{"id":968,"date":"2014-02-21T09:20:58","date_gmt":"2014-02-21T07:20:58","guid":{"rendered":"http:\/\/www.coldex.fi\/fi\/?p=968"},"modified":"2014-02-21T09:20:58","modified_gmt":"2014-02-21T07:20:58","slug":"myymala2014-messut","status":"publish","type":"post","link":"https:\/\/kk.coldex.fi\/fi\/myymala2014-messut\/","title":{"rendered":"Coldex Myym\u00e4l\u00e4 2014-messuilla"},"content":{"rendered":"<p style=\"text-align: center;\"><a href=\"http:\/\/goo.gl\/9cPBxk\"><img decoding=\"async\" loading=\"lazy\" class=\"size-full wp-image-976 alignleft\" alt=\"myym\u00e4l\u00e4 2014 -messut\" src=\"http:\/\/www.coldex.fi\/fi\/wp-content\/uploads\/myymala20142.jpg\" width=\"530\" height=\"530\" \/><\/a><\/p>\n<h2 style=\"text-align: left;\">Coldex toivottaa teid\u00e4t tervetulleeksi Suomen suurimpaan kaupan alan ammattitapahtumaan!<\/h2>\n<h3 style=\"text-align: left;\">T\u00e4m\u00e4n p\u00e4iv\u00e4n ratkaisut, huomisen trendit ja tulevaisuuden menestystekij\u00e4t!<\/h3>\n<p style=\"text-align: left;\">Myym\u00e4l\u00e4 2014 -messut j\u00e4rjestet\u00e4\u00e4n 19.- 20. maaliskuuta Helsingin messukeskuksessa. Esittelemme osastollamme tulevaisuuden tuotteita ja innovatiivisia ratkaisuja valmistajilta kuten Mafirol, ISA, Kesseb\u00f6hmer sek\u00e4 Caravell.\u00a0Esill\u00e4 on my\u00f6s toimintaratkaisut k\u00e4ytetyille kylm\u00e4kalusteille mit\u00e4 voimme tarjota meid\u00e4n asiakkaille.<\/p>\n<p style=\"text-align: left;\"><a href=\"http:\/\/www.coldex.fi\/fi\/wp-content\/uploads\/M2014_lattiakartta.jpg\"><img decoding=\"async\" loading=\"lazy\" class=\"aligncenter size-full wp-image-978\" alt=\"M2014 Pohjakartta\" src=\"http:\/\/www.coldex.fi\/fi\/wp-content\/uploads\/M2014_lattiakartta.jpg\" width=\"648\" height=\"695\" \/><\/a><\/p>\n","protected":false},"excerpt":{"rendered":"<p>Coldex toivottaa teid\u00e4t tervetulleeksi Suomen suurimpaan kaupan alan ammattitapahtumaan! T\u00e4m\u00e4n p\u00e4iv\u00e4n ratkaisut, huomisen trendit ja tulevaisuuden menestystekij\u00e4t! Myym\u00e4l\u00e4 2014 -messut j\u00e4rjestet\u00e4\u00e4n 19.- 20. maaliskuuta Helsingin messukeskuksessa. Esittelemme osastollamme tulevaisuuden tuotteita ja innovatiivisia ratkaisuja valmistajilta kuten Mafirol, ISA, Kesseb\u00f6hmer sek\u00e4 Caravell.\u00a0Esill\u00e4 on my\u00f6s toimintaratkaisut k\u00e4ytetyille kylm\u00e4kalusteille mit\u00e4 voimme tarjota meid\u00e4n asiakkaille.<\/p>\n","protected":false},"author":1,"featured_media":0,"comment_status":"closed","ping_status":"closed","sticky":false,"template":"","format":"standard","meta":[],"categories":[8],"tags":[11,12,13],"yoast_head":"<!-- This site is optimized with the Yoast SEO plugin v21.7 - https:\/\/yoast.com\/wordpress\/plugins\/seo\/ -->\n<title>Coldex Myym\u00e4l\u00e4 2014 Messuilla<\/title>\n<meta name=\"description\" content=\"Coldex Oy osallistuu Myym\u00e4l\u00e4 2014 messuille Helsingin messukeskuksessa.\" \/>\n<meta name=\"robots\" content=\"index, follow, max-snippet:-1, max-image-preview:large, max-video-preview:-1\" \/>\n<link rel=\"canonical\" href=\"https:\/\/kk.coldex.fi\/fi\/myymala2014-messut\/\" \/>\n<meta property=\"og:locale\" content=\"fi_FI\" \/>\n<meta property=\"og:type\" content=\"article\" \/>\n<meta property=\"og:title\" content=\"Coldex Myym\u00e4l\u00e4 2014 Messuilla\" \/>\n<meta property=\"og:description\" content=\"Coldex Oy osallistuu Myym\u00e4l\u00e4 2014 messuille Helsingin messukeskuksessa.\" \/>\n<meta property=\"og:url\" content=\"https:\/\/kk.coldex.fi\/fi\/myymala2014-messut\/\" \/>\n<meta property=\"og:site_name\" content=\"Coldex\" \/>\n<meta property=\"article:published_time\" content=\"2014-02-21T07:20:58+00:00\" \/>\n<meta property=\"og:image\" content=\"http:\/\/www.coldex.fi\/fi\/wp-content\/uploads\/myymala20142.jpg\" \/>\n<meta name=\"author\" content=\"hallinta\" \/>\n<meta name=\"twitter:label1\" content=\"Kirjoittanut\" \/>\n\t<meta name=\"twitter:data1\" content=\"hallinta\" \/>\n<script type=\"application\/ld+json\" class=\"yoast-schema-graph\">{\"@context\":\"https:\/\/schema.org\",\"@graph\":[{\"@type\":\"WebPage\",\"@id\":\"https:\/\/kk.coldex.fi\/fi\/myymala2014-messut\/\",\"url\":\"https:\/\/kk.coldex.fi\/fi\/myymala2014-messut\/\",\"name\":\"Coldex Myym\u00e4l\u00e4 2014 Messuilla\",\"isPartOf\":{\"@id\":\"https:\/\/kk.coldex.fi\/fi\/#website\"},\"datePublished\":\"2014-02-21T07:20:58+00:00\",\"dateModified\":\"2014-02-21T07:20:58+00:00\",\"author\":{\"@id\":\"https:\/\/kk.coldex.fi\/fi\/#\/schema\/person\/ccc964e3a345f1e5fb4c748f78ec89fe\"},\"description\":\"Coldex Oy osallistuu Myym\u00e4l\u00e4 2014 messuille Helsingin messukeskuksessa.\",\"breadcrumb\":{\"@id\":\"https:\/\/kk.coldex.fi\/fi\/myymala2014-messut\/#breadcrumb\"},\"inLanguage\":\"fi\",\"potentialAction\":[{\"@type\":\"ReadAction\",\"target\":[\"https:\/\/kk.coldex.fi\/fi\/myymala2014-messut\/\"]}]},{\"@type\":\"BreadcrumbList\",\"@id\":\"https:\/\/kk.coldex.fi\/fi\/myymala2014-messut\/#breadcrumb\",\"itemListElement\":[{\"@type\":\"ListItem\",\"position\":1,\"name\":\"Home\",\"item\":\"https:\/\/kk.coldex.fi\/fi\/\"},{\"@type\":\"ListItem\",\"position\":2,\"name\":\"Coldex Myym\u00e4l\u00e4 2014-messuilla\"}]},{\"@type\":\"WebSite\",\"@id\":\"https:\/\/kk.coldex.fi\/fi\/#website\",\"url\":\"https:\/\/kk.coldex.fi\/fi\/\",\"name\":\"Coldex\",\"description\":\"Kylm\u00e4laitteet ammattilliseen k\u00e4ytt\u00f6\u00f6n\",\"potentialAction\":[{\"@type\":\"SearchAction\",\"target\":{\"@type\":\"EntryPoint\",\"urlTemplate\":\"https:\/\/kk.coldex.fi\/fi\/?s={search_term_string}\"},\"query-input\":\"required name=search_term_string\"}],\"inLanguage\":\"fi\"},{\"@type\":\"Person\",\"@id\":\"https:\/\/kk.coldex.fi\/fi\/#\/schema\/person\/ccc964e3a345f1e5fb4c748f78ec89fe\",\"name\":\"hallinta\",\"image\":{\"@type\":\"ImageObject\",\"inLanguage\":\"fi\",\"@id\":\"https:\/\/kk.coldex.fi\/fi\/#\/schema\/person\/image\/\",\"url\":\"https:\/\/secure.gravatar.com\/avatar\/68a1fec0f343e751f35282a18afe086a?s=96&d=mm&r=g\",\"contentUrl\":\"https:\/\/secure.gravatar.com\/avatar\/68a1fec0f343e751f35282a18afe086a?s=96&d=mm&r=g\",\"caption\":\"hallinta\"},\"url\":\"https:\/\/kk.coldex.fi\/fi\/author\/hallinta\/\"}]}<\/script>\n<!-- \/ Yoast SEO plugin. -->","yoast_head_json":{"title":"Coldex Myym\u00e4l\u00e4 2014 Messuilla","description":"Coldex Oy osallistuu Myym\u00e4l\u00e4 2014 messuille Helsingin messukeskuksessa.","robots":{"index":"index","follow":"follow","max-snippet":"max-snippet:-1","max-image-preview":"max-image-preview:large","max-video-preview":"max-video-preview:-1"},"canonical":"https:\/\/kk.coldex.fi\/fi\/myymala2014-messut\/","og_locale":"fi_FI","og_type":"article","og_title":"Coldex Myym\u00e4l\u00e4 2014 Messuilla","og_description":"Coldex Oy osallistuu Myym\u00e4l\u00e4 2014 messuille Helsingin messukeskuksessa.","og_url":"https:\/\/kk.coldex.fi\/fi\/myymala2014-messut\/","og_site_name":"Coldex","article_published_time":"2014-02-21T07:20:58+00:00","og_image":[{"url":"http:\/\/www.coldex.fi\/fi\/wp-content\/uploads\/myymala20142.jpg"}],"author":"hallinta","twitter_misc":{"Kirjoittanut":"hallinta"},"schema":{"@context":"https:\/\/schema.org","@graph":[{"@type":"WebPage","@id":"https:\/\/kk.coldex.fi\/fi\/myymala2014-messut\/","url":"https:\/\/kk.coldex.fi\/fi\/myymala2014-messut\/","name":"Coldex Myym\u00e4l\u00e4 2014 Messuilla","isPartOf":{"@id":"https:\/\/kk.coldex.fi\/fi\/#website"},"datePublished":"2014-02-21T07:20:58+00:00","dateModified":"2014-02-21T07:20:58+00:00","author":{"@id":"https:\/\/kk.coldex.fi\/fi\/#\/schema\/person\/ccc964e3a345f1e5fb4c748f78ec89fe"},"description":"Coldex Oy osallistuu Myym\u00e4l\u00e4 2014 messuille Helsingin messukeskuksessa.","breadcrumb":{"@id":"https:\/\/kk.coldex.fi\/fi\/myymala2014-messut\/#breadcrumb"},"inLanguage":"fi","potentialAction":[{"@type":"ReadAction","target":["https:\/\/kk.coldex.fi\/fi\/myymala2014-messut\/"]}]},{"@type":"BreadcrumbList","@id":"https:\/\/kk.coldex.fi\/fi\/myymala2014-messut\/#breadcrumb","itemListElement":[{"@type":"ListItem","position":1,"name":"Home","item":"https:\/\/kk.coldex.fi\/fi\/"},{"@type":"ListItem","position":2,"name":"Coldex Myym\u00e4l\u00e4 2014-messuilla"}]},{"@type":"WebSite","@id":"https:\/\/kk.coldex.fi\/fi\/#website","url":"https:\/\/kk.coldex.fi\/fi\/","name":"Coldex","description":"Kylm\u00e4laitteet ammattilliseen k\u00e4ytt\u00f6\u00f6n","potentialAction":[{"@type":"SearchAction","target":{"@type":"EntryPoint","urlTemplate":"https:\/\/kk.coldex.fi\/fi\/?s={search_term_string}"},"query-input":"required name=search_term_string"}],"inLanguage":"fi"},{"@type":"Person","@id":"https:\/\/kk.coldex.fi\/fi\/#\/schema\/person\/ccc964e3a345f1e5fb4c748f78ec89fe","name":"hallinta","image":{"@type":"ImageObject","inLanguage":"fi","@id":"https:\/\/kk.coldex.fi\/fi\/#\/schema\/person\/image\/","url":"https:\/\/secure.gravatar.com\/avatar\/68a1fec0f343e751f35282a18afe086a?s=96&d=mm&r=g","contentUrl":"https:\/\/secure.gravatar.com\/avatar\/68a1fec0f343e751f35282a18afe086a?s=96&d=mm&r=g","caption":"hallinta"},"url":"https:\/\/kk.coldex.fi\/fi\/author\/hallinta\/"}]}},"_links":{"self":[{"href":"https:\/\/kk.coldex.fi\/fi\/wp-json\/wp\/v2\/posts\/968"}],"collection":[{"href":"https:\/\/kk.coldex.fi\/fi\/wp-json\/wp\/v2\/posts"}],"about":[{"href":"https:\/\/kk.coldex.fi\/fi\/wp-json\/wp\/v2\/types\/post"}],"author":[{"embeddable":true,"href":"https:\/\/kk.coldex.fi\/fi\/wp-json\/wp\/v2\/users\/1"}],"replies":[{"embeddable":true,"href":"https:\/\/kk.coldex.fi\/fi\/wp-json\/wp\/v2\/comments?post=968"}],"version-history":[{"count":0,"href":"https:\/\/kk.coldex.fi\/fi\/wp-json\/wp\/v2\/posts\/968\/revisions"}],"wp:attachment":[{"href":"https:\/\/kk.coldex.fi\/fi\/wp-json\/wp\/v2\/media?parent=968"}],"wp:term":[{"taxonomy":"category","embeddable":true,"href":"https:\/\/kk.coldex.fi\/fi\/wp-json\/wp\/v2\/categories?post=968"},{"taxonomy":"post_tag","embeddable":true,"href":"https:\/\/kk.coldex.fi\/fi\/wp-json\/wp\/v2\/tags?post=968"}],"curies":[{"name":"wp","href":"https:\/\/api.w.org\/{rel}","templated":true}]}}