{"id":4697,"date":"2017-12-05T15:31:51","date_gmt":"2017-12-05T13:31:51","guid":{"rendered":"http:\/\/coldex.fi\/fi\/?p=4697"},"modified":"2018-03-22T15:41:48","modified_gmt":"2018-03-22T13:41:48","slug":"suomi-100-vuotisjuhla","status":"publish","type":"post","link":"https:\/\/kk.coldex.fi\/fi\/suomi-100-vuotisjuhla\/","title":{"rendered":"Tarjoamme kaupanp\u00e4\u00e4lliseksi her\u00e4tealtaita ja kylm\u00e4hyllykk\u00f6j\u00e4"},"content":{"rendered":"<p>&nbsp;<\/p>\n<p><img decoding=\"async\" loading=\"lazy\" class=\"alignnone size-large wp-image-4724\" src=\"https:\/\/kk.coldex.fi\/fi\/wp-content\/uploads\/kaupan_p\u00e4\u00e4lle__-1-960x801.jpg\" alt=\"\" width=\"700\" height=\"584\" srcset=\"https:\/\/kk.coldex.fi\/fi\/wp-content\/uploads\/kaupan_p\u00e4\u00e4lle__-1-960x801.jpg 960w, https:\/\/kk.coldex.fi\/fi\/wp-content\/uploads\/kaupan_p\u00e4\u00e4lle__-1-600x501.jpg 600w, https:\/\/kk.coldex.fi\/fi\/wp-content\/uploads\/kaupan_p\u00e4\u00e4lle__-1-500x417.jpg 500w, https:\/\/kk.coldex.fi\/fi\/wp-content\/uploads\/kaupan_p\u00e4\u00e4lle__-1-768x641.jpg 768w, https:\/\/kk.coldex.fi\/fi\/wp-content\/uploads\/kaupan_p\u00e4\u00e4lle__-1-300x250.jpg 300w\" sizes=\"(max-width: 700px) 100vw, 700px\" \/><\/p>\n<p>Suomi 100-vuotisjuhlan kunniaksi tarjoamme kaupan\u00a0p\u00e4\u00e4lle her\u00e4tealtaita ja kylm\u00e4hyllykk\u00f6j\u00e4 6.12.2017 &#8211; 30.4.2018 ajan.<\/p>\n<p>&nbsp;<\/p>\n<p>Kun teet tilauksen kylm\u00e4laitteista ja\/tai palveluista v\u00e4hint\u00e4\u00e4n 2500 eurolla, saat veloituksetta kuvanmukaisen her\u00e4tealtaan, kun tilauksen loppusumma on v\u00e4hint\u00e4\u00e4n 5000 euroa tarjoamme kaupan p\u00e4\u00e4lle\u00a0kylm\u00e4hyllyk\u00f6n. Molemmat mallit sopivat erinomaisesti mm. juomien myyntiin.<\/p>\n<p>&nbsp;<\/p>\n<p>Tarjous on voimassa kaikille 6.12.2017 &#8211; 30.4.2018 tehdyille tilauksille tai niin kauan kuin laitteita riitt\u00e4\u00e4. Kaupan p\u00e4\u00e4lle tulevat kylm\u00e4laitteet ovat takuuhuollettuja vapaasti varastossamme, mahdolliset toimituskulut lis\u00e4t\u00e4\u00e4n tilaukseen.<\/p>\n<p>&nbsp;<\/p>\n<p>&nbsp;<\/p>\n","protected":false},"excerpt":{"rendered":"<p>&nbsp; Suomi 100-vuotisjuhlan kunniaksi tarjoamme kaupan\u00a0p\u00e4\u00e4lle her\u00e4tealtaita ja kylm\u00e4hyllykk\u00f6j\u00e4 6.12.2017 &#8211; 30.4.2018 ajan. &nbsp; Kun teet tilauksen kylm\u00e4laitteista ja\/tai palveluista v\u00e4hint\u00e4\u00e4n 2500 eurolla, saat veloituksetta kuvanmukaisen her\u00e4tealtaan, kun tilauksen loppusumma on v\u00e4hint\u00e4\u00e4n 5000 euroa tarjoamme kaupan p\u00e4\u00e4lle\u00a0kylm\u00e4hyllyk\u00f6n. Molemmat mallit sopivat erinomaisesti mm. juomien myyntiin. &nbsp; Tarjous on voimassa kaikille 6.12.2017 &#8211; 30.4.2018 tehdyille tilauksille tai&#8230;<\/p>\n","protected":false},"author":1,"featured_media":0,"comment_status":"closed","ping_status":"closed","sticky":false,"template":"","format":"aside","meta":[],"categories":[1],"tags":[],"yoast_head":"<!-- This site is optimized with the Yoast SEO plugin v21.7 - https:\/\/yoast.com\/wordpress\/plugins\/seo\/ -->\n<title>Kaupan p\u00e4\u00e4lle her\u00e4tealtaita ja kylm\u00e4hyllykk\u00f6j\u00e4 - Kaupankylm\u00e4t | Coldex<\/title>\n<meta name=\"description\" content=\"Suomi 100-vuotisjuhlan kunniaksi tarjoamme 6.12.2017 - 31.1.2018 aikana tehdyille tilauksille her\u00e4tealtaita ja kylm\u00e4hyllykk\u00f6j\u00e4. Lue lis\u00e4\u00e4\" \/>\n<meta name=\"robots\" content=\"index, follow, max-snippet:-1, max-image-preview:large, max-video-preview:-1\" \/>\n<link rel=\"canonical\" href=\"https:\/\/kk.coldex.fi\/fi\/suomi-100-vuotisjuhla\/\" \/>\n<meta property=\"og:locale\" content=\"fi_FI\" \/>\n<meta property=\"og:type\" content=\"article\" \/>\n<meta property=\"og:title\" content=\"Kaupan p\u00e4\u00e4lle her\u00e4tealtaita ja kylm\u00e4hyllykk\u00f6j\u00e4 - Kaupankylm\u00e4t | Coldex\" \/>\n<meta property=\"og:description\" content=\"Suomi 100-vuotisjuhlan kunniaksi tarjoamme 6.12.2017 - 31.1.2018 aikana tehdyille tilauksille her\u00e4tealtaita ja kylm\u00e4hyllykk\u00f6j\u00e4. Lue lis\u00e4\u00e4\" \/>\n<meta property=\"og:url\" content=\"https:\/\/kk.coldex.fi\/fi\/suomi-100-vuotisjuhla\/\" \/>\n<meta property=\"og:site_name\" content=\"Coldex\" \/>\n<meta property=\"article:published_time\" content=\"2017-12-05T13:31:51+00:00\" \/>\n<meta property=\"article:modified_time\" content=\"2018-03-22T13:41:48+00:00\" \/>\n<meta name=\"author\" content=\"hallinta\" \/>\n<meta name=\"twitter:label1\" content=\"Kirjoittanut\" \/>\n\t<meta name=\"twitter:data1\" content=\"hallinta\" \/>\n<script type=\"application\/ld+json\" class=\"yoast-schema-graph\">{\"@context\":\"https:\/\/schema.org\",\"@graph\":[{\"@type\":\"WebPage\",\"@id\":\"https:\/\/kk.coldex.fi\/fi\/suomi-100-vuotisjuhla\/\",\"url\":\"https:\/\/kk.coldex.fi\/fi\/suomi-100-vuotisjuhla\/\",\"name\":\"Kaupan p\u00e4\u00e4lle her\u00e4tealtaita ja kylm\u00e4hyllykk\u00f6j\u00e4 - Kaupankylm\u00e4t | Coldex\",\"isPartOf\":{\"@id\":\"https:\/\/kk.coldex.fi\/fi\/#website\"},\"datePublished\":\"2017-12-05T13:31:51+00:00\",\"dateModified\":\"2018-03-22T13:41:48+00:00\",\"author\":{\"@id\":\"https:\/\/kk.coldex.fi\/fi\/#\/schema\/person\/ccc964e3a345f1e5fb4c748f78ec89fe\"},\"description\":\"Suomi 100-vuotisjuhlan kunniaksi tarjoamme 6.12.2017 - 31.1.2018 aikana tehdyille tilauksille her\u00e4tealtaita ja kylm\u00e4hyllykk\u00f6j\u00e4. Lue lis\u00e4\u00e4\",\"breadcrumb\":{\"@id\":\"https:\/\/kk.coldex.fi\/fi\/suomi-100-vuotisjuhla\/#breadcrumb\"},\"inLanguage\":\"fi\",\"potentialAction\":[{\"@type\":\"ReadAction\",\"target\":[\"https:\/\/kk.coldex.fi\/fi\/suomi-100-vuotisjuhla\/\"]}]},{\"@type\":\"BreadcrumbList\",\"@id\":\"https:\/\/kk.coldex.fi\/fi\/suomi-100-vuotisjuhla\/#breadcrumb\",\"itemListElement\":[{\"@type\":\"ListItem\",\"position\":1,\"name\":\"Home\",\"item\":\"https:\/\/kk.coldex.fi\/fi\/\"},{\"@type\":\"ListItem\",\"position\":2,\"name\":\"Tarjoamme kaupanp\u00e4\u00e4lliseksi her\u00e4tealtaita ja kylm\u00e4hyllykk\u00f6j\u00e4\"}]},{\"@type\":\"WebSite\",\"@id\":\"https:\/\/kk.coldex.fi\/fi\/#website\",\"url\":\"https:\/\/kk.coldex.fi\/fi\/\",\"name\":\"Coldex\",\"description\":\"Kylm\u00e4laitteet ammattilliseen k\u00e4ytt\u00f6\u00f6n\",\"potentialAction\":[{\"@type\":\"SearchAction\",\"target\":{\"@type\":\"EntryPoint\",\"urlTemplate\":\"https:\/\/kk.coldex.fi\/fi\/?s={search_term_string}\"},\"query-input\":\"required name=search_term_string\"}],\"inLanguage\":\"fi\"},{\"@type\":\"Person\",\"@id\":\"https:\/\/kk.coldex.fi\/fi\/#\/schema\/person\/ccc964e3a345f1e5fb4c748f78ec89fe\",\"name\":\"hallinta\",\"image\":{\"@type\":\"ImageObject\",\"inLanguage\":\"fi\",\"@id\":\"https:\/\/kk.coldex.fi\/fi\/#\/schema\/person\/image\/\",\"url\":\"https:\/\/secure.gravatar.com\/avatar\/68a1fec0f343e751f35282a18afe086a?s=96&d=mm&r=g\",\"contentUrl\":\"https:\/\/secure.gravatar.com\/avatar\/68a1fec0f343e751f35282a18afe086a?s=96&d=mm&r=g\",\"caption\":\"hallinta\"},\"url\":\"https:\/\/kk.coldex.fi\/fi\/author\/hallinta\/\"}]}<\/script>\n<!-- \/ Yoast SEO plugin. -->","yoast_head_json":{"title":"Kaupan p\u00e4\u00e4lle her\u00e4tealtaita ja kylm\u00e4hyllykk\u00f6j\u00e4 - Kaupankylm\u00e4t | Coldex","description":"Suomi 100-vuotisjuhlan kunniaksi tarjoamme 6.12.2017 - 31.1.2018 aikana tehdyille tilauksille her\u00e4tealtaita ja kylm\u00e4hyllykk\u00f6j\u00e4. Lue lis\u00e4\u00e4","robots":{"index":"index","follow":"follow","max-snippet":"max-snippet:-1","max-image-preview":"max-image-preview:large","max-video-preview":"max-video-preview:-1"},"canonical":"https:\/\/kk.coldex.fi\/fi\/suomi-100-vuotisjuhla\/","og_locale":"fi_FI","og_type":"article","og_title":"Kaupan p\u00e4\u00e4lle her\u00e4tealtaita ja kylm\u00e4hyllykk\u00f6j\u00e4 - Kaupankylm\u00e4t | Coldex","og_description":"Suomi 100-vuotisjuhlan kunniaksi tarjoamme 6.12.2017 - 31.1.2018 aikana tehdyille tilauksille her\u00e4tealtaita ja kylm\u00e4hyllykk\u00f6j\u00e4. Lue lis\u00e4\u00e4","og_url":"https:\/\/kk.coldex.fi\/fi\/suomi-100-vuotisjuhla\/","og_site_name":"Coldex","article_published_time":"2017-12-05T13:31:51+00:00","article_modified_time":"2018-03-22T13:41:48+00:00","author":"hallinta","twitter_misc":{"Kirjoittanut":"hallinta"},"schema":{"@context":"https:\/\/schema.org","@graph":[{"@type":"WebPage","@id":"https:\/\/kk.coldex.fi\/fi\/suomi-100-vuotisjuhla\/","url":"https:\/\/kk.coldex.fi\/fi\/suomi-100-vuotisjuhla\/","name":"Kaupan p\u00e4\u00e4lle her\u00e4tealtaita ja kylm\u00e4hyllykk\u00f6j\u00e4 - Kaupankylm\u00e4t | Coldex","isPartOf":{"@id":"https:\/\/kk.coldex.fi\/fi\/#website"},"datePublished":"2017-12-05T13:31:51+00:00","dateModified":"2018-03-22T13:41:48+00:00","author":{"@id":"https:\/\/kk.coldex.fi\/fi\/#\/schema\/person\/ccc964e3a345f1e5fb4c748f78ec89fe"},"description":"Suomi 100-vuotisjuhlan kunniaksi tarjoamme 6.12.2017 - 31.1.2018 aikana tehdyille tilauksille her\u00e4tealtaita ja kylm\u00e4hyllykk\u00f6j\u00e4. Lue lis\u00e4\u00e4","breadcrumb":{"@id":"https:\/\/kk.coldex.fi\/fi\/suomi-100-vuotisjuhla\/#breadcrumb"},"inLanguage":"fi","potentialAction":[{"@type":"ReadAction","target":["https:\/\/kk.coldex.fi\/fi\/suomi-100-vuotisjuhla\/"]}]},{"@type":"BreadcrumbList","@id":"https:\/\/kk.coldex.fi\/fi\/suomi-100-vuotisjuhla\/#breadcrumb","itemListElement":[{"@type":"ListItem","position":1,"name":"Home","item":"https:\/\/kk.coldex.fi\/fi\/"},{"@type":"ListItem","position":2,"name":"Tarjoamme kaupanp\u00e4\u00e4lliseksi her\u00e4tealtaita ja kylm\u00e4hyllykk\u00f6j\u00e4"}]},{"@type":"WebSite","@id":"https:\/\/kk.coldex.fi\/fi\/#website","url":"https:\/\/kk.coldex.fi\/fi\/","name":"Coldex","description":"Kylm\u00e4laitteet ammattilliseen k\u00e4ytt\u00f6\u00f6n","potentialAction":[{"@type":"SearchAction","target":{"@type":"EntryPoint","urlTemplate":"https:\/\/kk.coldex.fi\/fi\/?s={search_term_string}"},"query-input":"required name=search_term_string"}],"inLanguage":"fi"},{"@type":"Person","@id":"https:\/\/kk.coldex.fi\/fi\/#\/schema\/person\/ccc964e3a345f1e5fb4c748f78ec89fe","name":"hallinta","image":{"@type":"ImageObject","inLanguage":"fi","@id":"https:\/\/kk.coldex.fi\/fi\/#\/schema\/person\/image\/","url":"https:\/\/secure.gravatar.com\/avatar\/68a1fec0f343e751f35282a18afe086a?s=96&d=mm&r=g","contentUrl":"https:\/\/secure.gravatar.com\/avatar\/68a1fec0f343e751f35282a18afe086a?s=96&d=mm&r=g","caption":"hallinta"},"url":"https:\/\/kk.coldex.fi\/fi\/author\/hallinta\/"}]}},"_links":{"self":[{"href":"https:\/\/kk.coldex.fi\/fi\/wp-json\/wp\/v2\/posts\/4697"}],"collection":[{"href":"https:\/\/kk.coldex.fi\/fi\/wp-json\/wp\/v2\/posts"}],"about":[{"href":"https:\/\/kk.coldex.fi\/fi\/wp-json\/wp\/v2\/types\/post"}],"author":[{"embeddable":true,"href":"https:\/\/kk.coldex.fi\/fi\/wp-json\/wp\/v2\/users\/1"}],"replies":[{"embeddable":true,"href":"https:\/\/kk.coldex.fi\/fi\/wp-json\/wp\/v2\/comments?post=4697"}],"version-history":[{"count":0,"href":"https:\/\/kk.coldex.fi\/fi\/wp-json\/wp\/v2\/posts\/4697\/revisions"}],"wp:attachment":[{"href":"https:\/\/kk.coldex.fi\/fi\/wp-json\/wp\/v2\/media?parent=4697"}],"wp:term":[{"taxonomy":"category","embeddable":true,"href":"https:\/\/kk.coldex.fi\/fi\/wp-json\/wp\/v2\/categories?post=4697"},{"taxonomy":"post_tag","embeddable":true,"href":"https:\/\/kk.coldex.fi\/fi\/wp-json\/wp\/v2\/tags?post=4697"}],"curies":[{"name":"wp","href":"https:\/\/api.w.org\/{rel}","templated":true}]}}